{"id":957,"date":"2022-11-15T10:11:09","date_gmt":"2022-11-15T09:11:09","guid":{"rendered":"http:\/\/mmseta.pl\/?p=957"},"modified":"2023-12-27T14:58:02","modified_gmt":"2023-12-27T13:58:02","slug":"portfolio-sesje-rodzinne","status":"publish","type":"post","link":"https:\/\/mmseta.pl\/index.php\/2022\/11\/15\/portfolio-sesje-rodzinne\/","title":{"rendered":"Portfolio: sesje rodzinne"},"content":{"rendered":"\n<div style=\"height:100px\" aria-hidden=\"true\" class=\"wp-block-spacer\"><\/div>\n\n\n\n<h5 class=\"wp-block-heading has-text-align-center\"><a href=\"https:\/\/mmseta.pl\/index.php\/2023\/12\/27\/lesna-sesja-pauliny-i-krzysztofa-z-dziecmi\/\" data-type=\"post\" data-id=\"1085\">Le\u015bna sesja rodzinna Pauliny i Krzysztofa z dzie\u0107mi<\/a><\/h5>\n\n\n\n<p><\/p>\n\n\n\n<figure class=\"wp-block-gallery has-nested-images columns-default is-cropped wp-block-gallery-1 is-layout-flex wp-block-gallery-is-layout-flex\">\n<figure class=\"wp-block-image size-large\"><img loading=\"lazy\" decoding=\"async\" width=\"681\" height=\"1024\" data-id=\"1004\" src=\"https:\/\/mmseta.pl\/wp-content\/uploads\/2023\/05\/MMSeta_session-43.jpg\" alt=\"zdj\u0119cie sesja foto mmseta mmseta_photo Mniszek sesja rodzinna sesja w lesie sesja jesienna\" class=\"wp-image-1004\" srcset=\"https:\/\/mmseta.pl\/wp-content\/uploads\/2023\/05\/MMSeta_session-43.jpg 681w, https:\/\/mmseta.pl\/wp-content\/uploads\/2023\/05\/MMSeta_session-43-200x300.jpg 200w\" sizes=\"(max-width: 681px) 100vw, 681px\" \/><\/figure>\n\n\n\n<figure class=\"wp-block-image size-large\"><img loading=\"lazy\" decoding=\"async\" width=\"681\" height=\"1024\" data-id=\"1005\" src=\"https:\/\/mmseta.pl\/wp-content\/uploads\/2023\/05\/MMSeta_session-44.jpg\" alt=\"zdj\u0119cie sesja foto mmseta mmseta_photo Mniszek sesja rodzinna sesja w lesie sesja jesienna\" class=\"wp-image-1005\" srcset=\"https:\/\/mmseta.pl\/wp-content\/uploads\/2023\/05\/MMSeta_session-44.jpg 681w, https:\/\/mmseta.pl\/wp-content\/uploads\/2023\/05\/MMSeta_session-44-200x300.jpg 200w\" sizes=\"(max-width: 681px) 100vw, 681px\" \/><\/figure>\n<\/figure>\n\n\n\n<p><\/p>\n\n\n<div class=\"wp-block-image\">\n<figure class=\"aligncenter size-full\"><img loading=\"lazy\" decoding=\"async\" width=\"1024\" height=\"681\" src=\"https:\/\/mmseta.pl\/wp-content\/uploads\/2023\/05\/MMSeta_session-45.jpg\" alt=\"zdj\u0119cie sesja foto mmseta mmseta_photo Mniszek sesja rodzinna sesja w lesie sesja jesienna\" class=\"wp-image-1006\" srcset=\"https:\/\/mmseta.pl\/wp-content\/uploads\/2023\/05\/MMSeta_session-45.jpg 1024w, https:\/\/mmseta.pl\/wp-content\/uploads\/2023\/05\/MMSeta_session-45-300x200.jpg 300w, https:\/\/mmseta.pl\/wp-content\/uploads\/2023\/05\/MMSeta_session-45-768x511.jpg 768w\" sizes=\"(max-width: 1024px) 100vw, 1024px\" \/><\/figure><\/div>\n\n\n<h6 class=\"wp-block-heading has-text-align-center\"><a href=\"https:\/\/mmseta.pl\/index.php\/2023\/12\/27\/lesna-sesja-pauliny-i-krzysztofa-z-dziecmi\/\" data-type=\"post\" data-id=\"1085\">Zobacz ca\u0142\u0105 sesj\u0119<\/a><\/h6>\n\n\n\n<div style=\"height:100px\" aria-hidden=\"true\" class=\"wp-block-spacer\"><\/div>\n\n\n\n<h5 class=\"wp-block-heading has-text-align-center\"><a href=\"https:\/\/mmseta.pl\/index.php\/2023\/12\/27\/jesienny-skaryszak-paulina-i-maciej-z-synem\/\" data-type=\"post\" data-id=\"1083\">Jesienny Skaryszak &#8211; Paulina i Maciej z synem<\/a><\/h5>\n\n\n\n<figure class=\"wp-block-gallery has-nested-images columns-default is-cropped wp-block-gallery-2 is-layout-flex wp-block-gallery-is-layout-flex\">\n<figure class=\"wp-block-image size-large\"><img loading=\"lazy\" decoding=\"async\" width=\"681\" height=\"1024\" data-id=\"1001\" src=\"https:\/\/mmseta.pl\/wp-content\/uploads\/2023\/05\/MMSeta_session-40.jpg\" alt=\"zdj\u0119cie sesja foto mmseta mmseta_photo Warszawa sesja rodzinna sesja w lesie sesja jesienna\" class=\"wp-image-1001\" srcset=\"https:\/\/mmseta.pl\/wp-content\/uploads\/2023\/05\/MMSeta_session-40.jpg 681w, https:\/\/mmseta.pl\/wp-content\/uploads\/2023\/05\/MMSeta_session-40-200x300.jpg 200w\" sizes=\"(max-width: 681px) 100vw, 681px\" \/><\/figure>\n\n\n\n<figure class=\"wp-block-image size-large\"><img loading=\"lazy\" decoding=\"async\" width=\"681\" height=\"1024\" data-id=\"998\" src=\"https:\/\/mmseta.pl\/wp-content\/uploads\/2023\/05\/MMSeta_session-37.jpg\" alt=\"zdj\u0119cie sesja foto mmseta mmseta_photo Warszawa sesja rodzinna sesja w lesie sesja jesienna\" class=\"wp-image-998\" srcset=\"https:\/\/mmseta.pl\/wp-content\/uploads\/2023\/05\/MMSeta_session-37.jpg 681w, https:\/\/mmseta.pl\/wp-content\/uploads\/2023\/05\/MMSeta_session-37-200x300.jpg 200w\" sizes=\"(max-width: 681px) 100vw, 681px\" \/><\/figure>\n<\/figure>\n\n\n\n<p><\/p>\n\n\n<div class=\"wp-block-image\">\n<figure class=\"aligncenter size-full is-resized\"><img loading=\"lazy\" decoding=\"async\" width=\"1024\" height=\"681\" src=\"https:\/\/mmseta.pl\/wp-content\/uploads\/2023\/05\/MMSeta_session-39.jpg\" alt=\"zdj\u0119cie sesja foto mmseta mmseta_photo Warszawa sesja rodzinna sesja w lesie sesja jesienna\" class=\"wp-image-1000\" style=\"width:840px;height:auto\" srcset=\"https:\/\/mmseta.pl\/wp-content\/uploads\/2023\/05\/MMSeta_session-39.jpg 1024w, https:\/\/mmseta.pl\/wp-content\/uploads\/2023\/05\/MMSeta_session-39-300x200.jpg 300w, https:\/\/mmseta.pl\/wp-content\/uploads\/2023\/05\/MMSeta_session-39-768x511.jpg 768w\" sizes=\"(max-width: 1024px) 100vw, 1024px\" \/><\/figure><\/div>\n\n\n<h6 class=\"wp-block-heading has-text-align-center\"><a href=\"https:\/\/mmseta.pl\/index.php\/2023\/12\/27\/jesienny-skaryszak-paulina-i-maciej-z-synem\/\" data-type=\"post\" data-id=\"1083\">Zobacz ca\u0142\u0105 sesj\u0119<\/a><\/h6>\n\n\n\n<div style=\"height:100px\" aria-hidden=\"true\" class=\"wp-block-spacer\"><\/div>\n\n\n\n<h5 class=\"wp-block-heading has-text-align-center\"><a href=\"https:\/\/mmseta.pl\/index.php\/2023\/12\/27\/miasteczko-dyniowe-sesja-rodzinna-moniki-i-adama\/\" data-type=\"post\" data-id=\"1078\">Dyniowa sesja rodzinna<\/a><\/h5>\n\n\n\n<figure class=\"wp-block-gallery has-nested-images columns-default is-cropped wp-block-gallery-3 is-layout-flex wp-block-gallery-is-layout-flex\">\n<figure class=\"wp-block-image size-large\"><img loading=\"lazy\" decoding=\"async\" width=\"681\" height=\"1024\" data-id=\"993\" src=\"https:\/\/mmseta.pl\/wp-content\/uploads\/2023\/05\/MMSeta_session-32.jpg\" alt=\"zdj\u0119cie sesja foto mmseta mmseta_photo Warszawa sesja rodzinna sesja dzieci\u0119ca sesja jesienna dynie sesja z dyniami\" class=\"wp-image-993\" srcset=\"https:\/\/mmseta.pl\/wp-content\/uploads\/2023\/05\/MMSeta_session-32.jpg 681w, https:\/\/mmseta.pl\/wp-content\/uploads\/2023\/05\/MMSeta_session-32-200x300.jpg 200w\" sizes=\"(max-width: 681px) 100vw, 681px\" \/><\/figure>\n\n\n\n<figure class=\"wp-block-image size-large\"><img loading=\"lazy\" decoding=\"async\" width=\"681\" height=\"1024\" data-id=\"994\" src=\"https:\/\/mmseta.pl\/wp-content\/uploads\/2023\/05\/MMSeta_session-33.jpg\" alt=\"zdj\u0119cie sesja foto mmseta mmseta_photo Warszawa sesja rodzinna sesja dzieci\u0119ca sesja jesienna dynie sesja z dyniami\" class=\"wp-image-994\" srcset=\"https:\/\/mmseta.pl\/wp-content\/uploads\/2023\/05\/MMSeta_session-33.jpg 681w, https:\/\/mmseta.pl\/wp-content\/uploads\/2023\/05\/MMSeta_session-33-200x300.jpg 200w\" sizes=\"(max-width: 681px) 100vw, 681px\" \/><\/figure>\n<\/figure>\n\n\n\n<p><\/p>\n\n\n<div class=\"wp-block-image\">\n<figure class=\"aligncenter size-full is-resized\"><img loading=\"lazy\" decoding=\"async\" width=\"1024\" height=\"681\" src=\"https:\/\/mmseta.pl\/wp-content\/uploads\/2023\/05\/MMSeta_session-31.jpg\" alt=\"zdj\u0119cie sesja foto mmseta mmseta_photo Warszawa sesja rodzinna sesja dzieci\u0119ca sesja jesienna dynie sesja z dyniami\" class=\"wp-image-992\" style=\"width:840px;height:auto\" srcset=\"https:\/\/mmseta.pl\/wp-content\/uploads\/2023\/05\/MMSeta_session-31.jpg 1024w, https:\/\/mmseta.pl\/wp-content\/uploads\/2023\/05\/MMSeta_session-31-300x200.jpg 300w, https:\/\/mmseta.pl\/wp-content\/uploads\/2023\/05\/MMSeta_session-31-768x511.jpg 768w\" sizes=\"(max-width: 1024px) 100vw, 1024px\" \/><\/figure><\/div>\n\n\n<h6 class=\"wp-block-heading has-text-align-center\"><a href=\"https:\/\/mmseta.pl\/index.php\/2023\/12\/27\/miasteczko-dyniowe-sesja-rodzinna-moniki-i-adama\/\" data-type=\"post\" data-id=\"1078\">Zobacz ca\u0142\u0105 sesj\u0119<\/a><\/h6>\n\n\n\n<div style=\"height:100px\" aria-hidden=\"true\" class=\"wp-block-spacer\"><\/div>\n\n\n\n<h5 class=\"wp-block-heading has-text-align-center\"><strong><a href=\"https:\/\/mmseta.pl\/index.php\/2022\/11\/15\/sesja-rodzinna-w-lesie\/\" data-type=\"post\" data-id=\"945\">Sesja w lesie<\/a><\/strong><\/h5>\n\n\n\n<figure class=\"wp-block-gallery has-nested-images columns-3 is-cropped wp-block-gallery-4 is-layout-flex wp-block-gallery-is-layout-flex\">\n<figure class=\"wp-block-image size-large\"><img loading=\"lazy\" decoding=\"async\" width=\"1363\" height=\"2048\" data-id=\"950\" src=\"https:\/\/mmseta.pl\/wp-content\/uploads\/2022\/11\/223_1577.jpg\" alt=\"\" class=\"wp-image-950\" srcset=\"https:\/\/mmseta.pl\/wp-content\/uploads\/2022\/11\/223_1577.jpg 1363w, https:\/\/mmseta.pl\/wp-content\/uploads\/2022\/11\/223_1577-200x300.jpg 200w, https:\/\/mmseta.pl\/wp-content\/uploads\/2022\/11\/223_1577-682x1024.jpg 682w, https:\/\/mmseta.pl\/wp-content\/uploads\/2022\/11\/223_1577-768x1154.jpg 768w, https:\/\/mmseta.pl\/wp-content\/uploads\/2022\/11\/223_1577-1022x1536.jpg 1022w, https:\/\/mmseta.pl\/wp-content\/uploads\/2022\/11\/223_1577-1140x1713.jpg 1140w\" sizes=\"(max-width: 1363px) 100vw, 1363px\" \/><\/figure>\n\n\n\n<figure class=\"wp-block-image size-large\"><img loading=\"lazy\" decoding=\"async\" width=\"682\" height=\"1024\" data-id=\"953\" src=\"https:\/\/mmseta.pl\/wp-content\/uploads\/2022\/11\/22B_8948-682x1024.jpg\" alt=\"\" class=\"wp-image-953\" srcset=\"https:\/\/mmseta.pl\/wp-content\/uploads\/2022\/11\/22B_8948-682x1024.jpg 682w, https:\/\/mmseta.pl\/wp-content\/uploads\/2022\/11\/22B_8948-200x300.jpg 200w, https:\/\/mmseta.pl\/wp-content\/uploads\/2022\/11\/22B_8948-768x1154.jpg 768w, https:\/\/mmseta.pl\/wp-content\/uploads\/2022\/11\/22B_8948-1022x1536.jpg 1022w, https:\/\/mmseta.pl\/wp-content\/uploads\/2022\/11\/22B_8948-1140x1713.jpg 1140w, https:\/\/mmseta.pl\/wp-content\/uploads\/2022\/11\/22B_8948.jpg 1363w\" sizes=\"(max-width: 682px) 100vw, 682px\" \/><\/figure>\n<\/figure>\n\n\n\n<p><\/p>\n\n\n<div class=\"wp-block-image\">\n<figure class=\"aligncenter size-large\"><img loading=\"lazy\" decoding=\"async\" width=\"1024\" height=\"682\" src=\"https:\/\/mmseta.pl\/wp-content\/uploads\/2022\/11\/223_1604-1024x682.jpg\" alt=\"\" class=\"wp-image-948\" srcset=\"https:\/\/mmseta.pl\/wp-content\/uploads\/2022\/11\/223_1604-1024x682.jpg 1024w, https:\/\/mmseta.pl\/wp-content\/uploads\/2022\/11\/223_1604-300x200.jpg 300w, https:\/\/mmseta.pl\/wp-content\/uploads\/2022\/11\/223_1604-768x511.jpg 768w, https:\/\/mmseta.pl\/wp-content\/uploads\/2022\/11\/223_1604-1536x1022.jpg 1536w, https:\/\/mmseta.pl\/wp-content\/uploads\/2022\/11\/223_1604-1140x759.jpg 1140w, https:\/\/mmseta.pl\/wp-content\/uploads\/2022\/11\/223_1604.jpg 2048w\" sizes=\"(max-width: 1024px) 100vw, 1024px\" \/><\/figure><\/div>\n\n\n<h6 class=\"wp-block-heading has-text-align-center\"><a href=\"https:\/\/mmseta.pl\/index.php\/2022\/11\/15\/sesja-rodzinna-w-lesie\/\">Zobacz ca\u0142\u0105 sesj\u0119<\/a><\/h6>\n\n\n\n<div style=\"height:100px\" aria-hidden=\"true\" class=\"wp-block-spacer\"><\/div>\n\n\n\n<h5 class=\"wp-block-heading has-text-align-center\"><a href=\"https:\/\/mmseta.pl\/index.php\/2022\/11\/15\/sesja-rodzinna-emilii-kamila-i-hani\/\" data-type=\"post\" data-id=\"924\">Sesja rodzinna Emilii, Kamila i Hani<\/a><\/h5>\n\n\n\n<figure class=\"wp-block-gallery has-nested-images columns-default is-cropped wp-block-gallery-5 is-layout-flex wp-block-gallery-is-layout-flex\">\n<figure class=\"wp-block-image size-large\"><img loading=\"lazy\" decoding=\"async\" width=\"1363\" height=\"2048\" data-id=\"934\" src=\"https:\/\/mmseta.pl\/wp-content\/uploads\/2022\/11\/214_4015.jpg\" alt=\"Sesja rodzinna\" class=\"wp-image-934\" srcset=\"https:\/\/mmseta.pl\/wp-content\/uploads\/2022\/11\/214_4015.jpg 1363w, https:\/\/mmseta.pl\/wp-content\/uploads\/2022\/11\/214_4015-200x300.jpg 200w, https:\/\/mmseta.pl\/wp-content\/uploads\/2022\/11\/214_4015-682x1024.jpg 682w, https:\/\/mmseta.pl\/wp-content\/uploads\/2022\/11\/214_4015-768x1154.jpg 768w, https:\/\/mmseta.pl\/wp-content\/uploads\/2022\/11\/214_4015-1022x1536.jpg 1022w, https:\/\/mmseta.pl\/wp-content\/uploads\/2022\/11\/214_4015-1140x1713.jpg 1140w\" sizes=\"(max-width: 1363px) 100vw, 1363px\" \/><\/figure>\n\n\n\n<figure class=\"wp-block-image size-large\"><img loading=\"lazy\" decoding=\"async\" width=\"2048\" height=\"1363\" data-id=\"939\" src=\"https:\/\/mmseta.pl\/wp-content\/uploads\/2022\/11\/214_4116.jpg\" alt=\"Sesja rodzinna\" class=\"wp-image-939\" srcset=\"https:\/\/mmseta.pl\/wp-content\/uploads\/2022\/11\/214_4116.jpg 2048w, https:\/\/mmseta.pl\/wp-content\/uploads\/2022\/11\/214_4116-300x200.jpg 300w, https:\/\/mmseta.pl\/wp-content\/uploads\/2022\/11\/214_4116-1024x682.jpg 1024w, https:\/\/mmseta.pl\/wp-content\/uploads\/2022\/11\/214_4116-768x511.jpg 768w, https:\/\/mmseta.pl\/wp-content\/uploads\/2022\/11\/214_4116-1536x1022.jpg 1536w, https:\/\/mmseta.pl\/wp-content\/uploads\/2022\/11\/214_4116-1140x759.jpg 1140w\" sizes=\"(max-width: 2048px) 100vw, 2048px\" \/><\/figure>\n<\/figure>\n\n\n\n<p><\/p>\n\n\n<div class=\"wp-block-image\">\n<figure class=\"aligncenter size-large\"><img loading=\"lazy\" decoding=\"async\" width=\"1024\" height=\"682\" src=\"https:\/\/mmseta.pl\/wp-content\/uploads\/2022\/11\/214_4142-1024x682.jpg\" alt=\"Sesja rodzinna\" class=\"wp-image-941\" srcset=\"https:\/\/mmseta.pl\/wp-content\/uploads\/2022\/11\/214_4142-1024x682.jpg 1024w, https:\/\/mmseta.pl\/wp-content\/uploads\/2022\/11\/214_4142-300x200.jpg 300w, https:\/\/mmseta.pl\/wp-content\/uploads\/2022\/11\/214_4142-768x511.jpg 768w, https:\/\/mmseta.pl\/wp-content\/uploads\/2022\/11\/214_4142-1536x1022.jpg 1536w, https:\/\/mmseta.pl\/wp-content\/uploads\/2022\/11\/214_4142-1140x759.jpg 1140w, https:\/\/mmseta.pl\/wp-content\/uploads\/2022\/11\/214_4142.jpg 2048w\" sizes=\"(max-width: 1024px) 100vw, 1024px\" \/><\/figure><\/div>\n\n\n<h6 class=\"wp-block-heading has-text-align-center\"><a href=\"https:\/\/mmseta.pl\/index.php\/2022\/11\/15\/sesja-rodzinna-emilii-kamila-i-hani\/\">Zobacz ca\u0142\u0105 sesj\u0119<\/a><\/h6>\n","protected":false},"excerpt":{"rendered":"<p>Le\u015bna sesja rodzinna Pauliny i Krzysztofa z dzie\u0107mi Zobacz ca\u0142\u0105 sesj\u0119 Jesienny Skaryszak &#8211; Paulina i Maciej z synem Zobacz ca\u0142\u0105 sesj\u0119 Dyniowa sesja rodzinna Zobacz ca\u0142\u0105 sesj\u0119 Sesja w lesie Zobacz ca\u0142\u0105 sesj\u0119 Sesja rodzinna Emilii, Kamila i Hani Zobacz ca\u0142\u0105 sesj\u0119<\/p>\n","protected":false},"author":1,"featured_media":951,"comment_status":"open","ping_status":"open","sticky":false,"template":"","format":"standard","meta":{"footnotes":""},"categories":[49,20],"tags":[57],"class_list":["post-957","post","type-post","status-publish","format-standard","has-post-thumbnail","hentry","category-sesje-rodzinne","category-sesje-rodzinne-i-dzieciece","tag-sesje-rodzinne"],"_links":{"self":[{"href":"https:\/\/mmseta.pl\/index.php\/wp-json\/wp\/v2\/posts\/957"}],"collection":[{"href":"https:\/\/mmseta.pl\/index.php\/wp-json\/wp\/v2\/posts"}],"about":[{"href":"https:\/\/mmseta.pl\/index.php\/wp-json\/wp\/v2\/types\/post"}],"author":[{"embeddable":true,"href":"https:\/\/mmseta.pl\/index.php\/wp-json\/wp\/v2\/users\/1"}],"replies":[{"embeddable":true,"href":"https:\/\/mmseta.pl\/index.php\/wp-json\/wp\/v2\/comments?post=957"}],"version-history":[{"count":3,"href":"https:\/\/mmseta.pl\/index.php\/wp-json\/wp\/v2\/posts\/957\/revisions"}],"predecessor-version":[{"id":1089,"href":"https:\/\/mmseta.pl\/index.php\/wp-json\/wp\/v2\/posts\/957\/revisions\/1089"}],"wp:featuredmedia":[{"embeddable":true,"href":"https:\/\/mmseta.pl\/index.php\/wp-json\/wp\/v2\/media\/951"}],"wp:attachment":[{"href":"https:\/\/mmseta.pl\/index.php\/wp-json\/wp\/v2\/media?parent=957"}],"wp:term":[{"taxonomy":"category","embeddable":true,"href":"https:\/\/mmseta.pl\/index.php\/wp-json\/wp\/v2\/categories?post=957"},{"taxonomy":"post_tag","embeddable":true,"href":"https:\/\/mmseta.pl\/index.php\/wp-json\/wp\/v2\/tags?post=957"}],"curies":[{"name":"wp","href":"https:\/\/api.w.org\/{rel}","templated":true}]}}