{"id":741,"date":"2021-05-04T10:38:20","date_gmt":"2021-05-04T08:38:20","guid":{"rendered":"http:\/\/mmseta.pl\/?p=741"},"modified":"2023-12-27T13:24:52","modified_gmt":"2023-12-27T12:24:52","slug":"agnieszka-i-dawid-sesja-narzeczenska","status":"publish","type":"post","link":"https:\/\/mmseta.pl\/index.php\/2021\/05\/04\/agnieszka-i-dawid-sesja-narzeczenska\/","title":{"rendered":"Sesja narzecze\u0144ska Agnieszka i Dawid"},"content":{"rendered":"\n<figure class=\"wp-block-gallery has-nested-images columns-1 is-cropped wp-block-gallery-1 is-layout-flex wp-block-gallery-is-layout-flex\">\n<figure class=\"wp-block-image size-full\"><img loading=\"lazy\" decoding=\"async\" width=\"1024\" height=\"681\" data-id=\"976\" src=\"https:\/\/mmseta.pl\/wp-content\/uploads\/2023\/05\/MMSeta_session-15.jpg\" alt=\"zdj\u0119cie sesja foto mmseta mmseta_photo Warszawa sesja narzecze\u0144ska sesja ma\u0142\u017ce\u0144ska sesja par sesja w parku sesja wiosenna\" class=\"wp-image-976\" srcset=\"https:\/\/mmseta.pl\/wp-content\/uploads\/2023\/05\/MMSeta_session-15.jpg 1024w, https:\/\/mmseta.pl\/wp-content\/uploads\/2023\/05\/MMSeta_session-15-300x200.jpg 300w, https:\/\/mmseta.pl\/wp-content\/uploads\/2023\/05\/MMSeta_session-15-768x511.jpg 768w\" sizes=\"(max-width: 1024px) 100vw, 1024px\" \/><\/figure>\n\n\n\n<figure class=\"wp-block-image size-full\"><img loading=\"lazy\" decoding=\"async\" width=\"681\" height=\"1024\" data-id=\"975\" src=\"https:\/\/mmseta.pl\/wp-content\/uploads\/2023\/05\/MMSeta_session-14.jpg\" alt=\"zdj\u0119cie sesja foto mmseta mmseta_photo Warszawa sesja narzecze\u0144ska sesja ma\u0142\u017ce\u0144ska sesja par sesja w parku sesja wiosenna\" class=\"wp-image-975\" srcset=\"https:\/\/mmseta.pl\/wp-content\/uploads\/2023\/05\/MMSeta_session-14.jpg 681w, https:\/\/mmseta.pl\/wp-content\/uploads\/2023\/05\/MMSeta_session-14-200x300.jpg 200w\" sizes=\"(max-width: 681px) 100vw, 681px\" \/><\/figure>\n\n\n\n<figure class=\"wp-block-image size-full\"><img loading=\"lazy\" decoding=\"async\" width=\"681\" height=\"1024\" data-id=\"974\" src=\"https:\/\/mmseta.pl\/wp-content\/uploads\/2023\/05\/MMSeta_session-13.jpg\" alt=\"zdj\u0119cie sesja foto mmseta mmseta_photo Warszawa sesja narzecze\u0144ska sesja ma\u0142\u017ce\u0144ska sesja par sesja w parku sesja wiosenna\" class=\"wp-image-974\" srcset=\"https:\/\/mmseta.pl\/wp-content\/uploads\/2023\/05\/MMSeta_session-13.jpg 681w, https:\/\/mmseta.pl\/wp-content\/uploads\/2023\/05\/MMSeta_session-13-200x300.jpg 200w\" sizes=\"(max-width: 681px) 100vw, 681px\" \/><\/figure>\n<\/figure>\n","protected":false},"excerpt":{"rendered":"","protected":false},"author":1,"featured_media":974,"comment_status":"open","ping_status":"open","sticky":false,"template":"","format":"standard","meta":{"footnotes":""},"categories":[11,14],"tags":[],"class_list":["post-741","post","type-post","status-publish","format-standard","has-post-thumbnail","hentry","category-portret","category-sesje-par"],"_links":{"self":[{"href":"https:\/\/mmseta.pl\/index.php\/wp-json\/wp\/v2\/posts\/741"}],"collection":[{"href":"https:\/\/mmseta.pl\/index.php\/wp-json\/wp\/v2\/posts"}],"about":[{"href":"https:\/\/mmseta.pl\/index.php\/wp-json\/wp\/v2\/types\/post"}],"author":[{"embeddable":true,"href":"https:\/\/mmseta.pl\/index.php\/wp-json\/wp\/v2\/users\/1"}],"replies":[{"embeddable":true,"href":"https:\/\/mmseta.pl\/index.php\/wp-json\/wp\/v2\/comments?post=741"}],"version-history":[{"count":4,"href":"https:\/\/mmseta.pl\/index.php\/wp-json\/wp\/v2\/posts\/741\/revisions"}],"predecessor-version":[{"id":1072,"href":"https:\/\/mmseta.pl\/index.php\/wp-json\/wp\/v2\/posts\/741\/revisions\/1072"}],"wp:featuredmedia":[{"embeddable":true,"href":"https:\/\/mmseta.pl\/index.php\/wp-json\/wp\/v2\/media\/974"}],"wp:attachment":[{"href":"https:\/\/mmseta.pl\/index.php\/wp-json\/wp\/v2\/media?parent=741"}],"wp:term":[{"taxonomy":"category","embeddable":true,"href":"https:\/\/mmseta.pl\/index.php\/wp-json\/wp\/v2\/categories?post=741"},{"taxonomy":"post_tag","embeddable":true,"href":"https:\/\/mmseta.pl\/index.php\/wp-json\/wp\/v2\/tags?post=741"}],"curies":[{"name":"wp","href":"https:\/\/api.w.org\/{rel}","templated":true}]}}