{"id":737,"date":"2021-05-04T13:34:32","date_gmt":"2021-05-04T11:34:32","guid":{"rendered":"http:\/\/mmseta.pl\/?p=737"},"modified":"2023-12-27T13:23:32","modified_gmt":"2023-12-27T12:23:32","slug":"malgorzata-i-mateusz-sesja-narzeczenska","status":"publish","type":"post","link":"https:\/\/mmseta.pl\/index.php\/2021\/05\/04\/malgorzata-i-mateusz-sesja-narzeczenska\/","title":{"rendered":"Sesja narzecze\u0144ska Ma\u0142gorzata i Mateusz"},"content":{"rendered":"\n<figure class=\"wp-block-gallery has-nested-images columns-1 is-cropped wp-block-gallery-1 is-layout-flex wp-block-gallery-is-layout-flex\">\n<figure class=\"wp-block-image size-full\"><img loading=\"lazy\" decoding=\"async\" width=\"681\" height=\"1024\" data-id=\"970\" src=\"https:\/\/mmseta.pl\/wp-content\/uploads\/2023\/05\/MMSeta_session-9.jpg\" alt=\"zdj\u0119cie sesja foto mmseta mmseta_photo Warszawa sesja narzecze\u0144ska sesja ma\u0142\u017ce\u0144ska sesja par sesja w parku sesja wiosenna\" class=\"wp-image-970\" srcset=\"https:\/\/mmseta.pl\/wp-content\/uploads\/2023\/05\/MMSeta_session-9.jpg 681w, https:\/\/mmseta.pl\/wp-content\/uploads\/2023\/05\/MMSeta_session-9-200x300.jpg 200w\" sizes=\"(max-width: 681px) 100vw, 681px\" \/><\/figure>\n\n\n\n<figure class=\"wp-block-image size-full\"><img loading=\"lazy\" decoding=\"async\" width=\"1024\" height=\"681\" data-id=\"968\" src=\"https:\/\/mmseta.pl\/wp-content\/uploads\/2023\/05\/MMSeta_session-7.jpg\" alt=\"zdj\u0119cie sesja foto mmseta mmseta_photo Warszawa sesja narzecze\u0144ska sesja ma\u0142\u017ce\u0144ska sesja par sesja w parku sesja wiosenna\" class=\"wp-image-968\" srcset=\"https:\/\/mmseta.pl\/wp-content\/uploads\/2023\/05\/MMSeta_session-7.jpg 1024w, https:\/\/mmseta.pl\/wp-content\/uploads\/2023\/05\/MMSeta_session-7-300x200.jpg 300w, https:\/\/mmseta.pl\/wp-content\/uploads\/2023\/05\/MMSeta_session-7-768x511.jpg 768w\" sizes=\"(max-width: 1024px) 100vw, 1024px\" \/><\/figure>\n\n\n\n<figure class=\"wp-block-image size-full\"><img loading=\"lazy\" decoding=\"async\" width=\"681\" height=\"1024\" data-id=\"969\" src=\"https:\/\/mmseta.pl\/wp-content\/uploads\/2023\/05\/MMSeta_session-8.jpg\" alt=\"zdj\u0119cie sesja foto mmseta mmseta_photo Warszawa sesja narzecze\u0144ska sesja ma\u0142\u017ce\u0144ska sesja par sesja w parku sesja wiosenna\" class=\"wp-image-969\" srcset=\"https:\/\/mmseta.pl\/wp-content\/uploads\/2023\/05\/MMSeta_session-8.jpg 681w, https:\/\/mmseta.pl\/wp-content\/uploads\/2023\/05\/MMSeta_session-8-200x300.jpg 200w\" sizes=\"(max-width: 681px) 100vw, 681px\" \/><\/figure>\n<\/figure>\n","protected":false},"excerpt":{"rendered":"","protected":false},"author":1,"featured_media":968,"comment_status":"open","ping_status":"open","sticky":false,"template":"","format":"standard","meta":{"footnotes":""},"categories":[11,14],"tags":[],"class_list":["post-737","post","type-post","status-publish","format-standard","has-post-thumbnail","hentry","category-portret","category-sesje-par"],"_links":{"self":[{"href":"https:\/\/mmseta.pl\/index.php\/wp-json\/wp\/v2\/posts\/737"}],"collection":[{"href":"https:\/\/mmseta.pl\/index.php\/wp-json\/wp\/v2\/posts"}],"about":[{"href":"https:\/\/mmseta.pl\/index.php\/wp-json\/wp\/v2\/types\/post"}],"author":[{"embeddable":true,"href":"https:\/\/mmseta.pl\/index.php\/wp-json\/wp\/v2\/users\/1"}],"replies":[{"embeddable":true,"href":"https:\/\/mmseta.pl\/index.php\/wp-json\/wp\/v2\/comments?post=737"}],"version-history":[{"count":4,"href":"https:\/\/mmseta.pl\/index.php\/wp-json\/wp\/v2\/posts\/737\/revisions"}],"predecessor-version":[{"id":1070,"href":"https:\/\/mmseta.pl\/index.php\/wp-json\/wp\/v2\/posts\/737\/revisions\/1070"}],"wp:featuredmedia":[{"embeddable":true,"href":"https:\/\/mmseta.pl\/index.php\/wp-json\/wp\/v2\/media\/968"}],"wp:attachment":[{"href":"https:\/\/mmseta.pl\/index.php\/wp-json\/wp\/v2\/media?parent=737"}],"wp:term":[{"taxonomy":"category","embeddable":true,"href":"https:\/\/mmseta.pl\/index.php\/wp-json\/wp\/v2\/categories?post=737"},{"taxonomy":"post_tag","embeddable":true,"href":"https:\/\/mmseta.pl\/index.php\/wp-json\/wp\/v2\/tags?post=737"}],"curies":[{"name":"wp","href":"https:\/\/api.w.org\/{rel}","templated":true}]}}