{"id":1092,"date":"2023-12-28T09:21:42","date_gmt":"2023-12-28T08:21:42","guid":{"rendered":"https:\/\/mmseta.pl\/?p=1092"},"modified":"2023-12-28T09:22:14","modified_gmt":"2023-12-28T08:22:14","slug":"1092","status":"publish","type":"post","link":"https:\/\/mmseta.pl\/index.php\/2023\/12\/28\/1092\/","title":{"rendered":"Boso w lesie &#8211; Wiktoria i Aleksander"},"content":{"rendered":"<div class=\"wp-block-image\">\n<figure class=\"aligncenter size-full\"><img loading=\"lazy\" decoding=\"async\" width=\"1024\" height=\"681\" src=\"https:\/\/mmseta.pl\/wp-content\/uploads\/2023\/05\/MMSeta_session-57.jpg\" alt=\"zdj\u0119cie sesja foto mmseta mmseta_photo dziecko dzieci\u0119ca dzieci\u0119ce Z\u0105bki Wiktoria S sesja w lesie sesja le\u015bna sesja z lalk\u0105\" class=\"wp-image-1018\" srcset=\"https:\/\/mmseta.pl\/wp-content\/uploads\/2023\/05\/MMSeta_session-57.jpg 1024w, https:\/\/mmseta.pl\/wp-content\/uploads\/2023\/05\/MMSeta_session-57-300x200.jpg 300w, https:\/\/mmseta.pl\/wp-content\/uploads\/2023\/05\/MMSeta_session-57-768x511.jpg 768w\" sizes=\"(max-width: 1024px) 100vw, 1024px\" \/><\/figure><\/div>\n\n\n<p><\/p>\n\n\n<div class=\"wp-block-image\">\n<figure class=\"aligncenter size-full\"><img loading=\"lazy\" decoding=\"async\" width=\"681\" height=\"1024\" src=\"https:\/\/mmseta.pl\/wp-content\/uploads\/2023\/05\/MMSeta_session-55.jpg\" alt=\"zdj\u0119cie sesja foto mmseta mmseta_photo dziecko dzieci\u0119ca dzieci\u0119ce Z\u0105bki Aleksander S sesja w lesie sesja le\u015bna\" class=\"wp-image-1016\" srcset=\"https:\/\/mmseta.pl\/wp-content\/uploads\/2023\/05\/MMSeta_session-55.jpg 681w, https:\/\/mmseta.pl\/wp-content\/uploads\/2023\/05\/MMSeta_session-55-200x300.jpg 200w\" sizes=\"(max-width: 681px) 100vw, 681px\" \/><\/figure><\/div>\n\n\n<p><\/p>\n\n\n<div class=\"wp-block-image\">\n<figure class=\"aligncenter size-full\"><img loading=\"lazy\" decoding=\"async\" width=\"681\" height=\"1024\" src=\"https:\/\/mmseta.pl\/wp-content\/uploads\/2023\/05\/MMSeta_session-56.jpg\" alt=\"zdj\u0119cie sesja foto mmseta mmseta_photo dziecko dzieci\u0119ca dzieci\u0119ce Z\u0105bki Wiktoria S sesja w lesie sesja le\u015bna rodze\u0144stwo rodzinna\" class=\"wp-image-1017\" srcset=\"https:\/\/mmseta.pl\/wp-content\/uploads\/2023\/05\/MMSeta_session-56.jpg 681w, https:\/\/mmseta.pl\/wp-content\/uploads\/2023\/05\/MMSeta_session-56-200x300.jpg 200w\" sizes=\"(max-width: 681px) 100vw, 681px\" \/><\/figure><\/div>","protected":false},"excerpt":{"rendered":"","protected":false},"author":1,"featured_media":1017,"comment_status":"open","ping_status":"open","sticky":false,"template":"","format":"standard","meta":{"footnotes":""},"categories":[20],"tags":[56,76,77,82,35,89,54,83,68],"class_list":["post-1092","post","type-post","status-publish","format-standard","has-post-thumbnail","hentry","category-sesje-rodzinne-i-dzieciece","tag-dzieci","tag-fotograf-warszawa","tag-fotograf-zabki","tag-jesien","tag-las","tag-sesja-dziecieca","tag-sesja-dziecka","tag-sesja-jesienna","tag-sesja-zabki"],"_links":{"self":[{"href":"https:\/\/mmseta.pl\/index.php\/wp-json\/wp\/v2\/posts\/1092"}],"collection":[{"href":"https:\/\/mmseta.pl\/index.php\/wp-json\/wp\/v2\/posts"}],"about":[{"href":"https:\/\/mmseta.pl\/index.php\/wp-json\/wp\/v2\/types\/post"}],"author":[{"embeddable":true,"href":"https:\/\/mmseta.pl\/index.php\/wp-json\/wp\/v2\/users\/1"}],"replies":[{"embeddable":true,"href":"https:\/\/mmseta.pl\/index.php\/wp-json\/wp\/v2\/comments?post=1092"}],"version-history":[{"count":2,"href":"https:\/\/mmseta.pl\/index.php\/wp-json\/wp\/v2\/posts\/1092\/revisions"}],"predecessor-version":[{"id":1094,"href":"https:\/\/mmseta.pl\/index.php\/wp-json\/wp\/v2\/posts\/1092\/revisions\/1094"}],"wp:featuredmedia":[{"embeddable":true,"href":"https:\/\/mmseta.pl\/index.php\/wp-json\/wp\/v2\/media\/1017"}],"wp:attachment":[{"href":"https:\/\/mmseta.pl\/index.php\/wp-json\/wp\/v2\/media?parent=1092"}],"wp:term":[{"taxonomy":"category","embeddable":true,"href":"https:\/\/mmseta.pl\/index.php\/wp-json\/wp\/v2\/categories?post=1092"},{"taxonomy":"post_tag","embeddable":true,"href":"https:\/\/mmseta.pl\/index.php\/wp-json\/wp\/v2\/tags?post=1092"}],"curies":[{"name":"wp","href":"https:\/\/api.w.org\/{rel}","templated":true}]}}