{"id":1080,"date":"2023-12-27T14:16:24","date_gmt":"2023-12-27T13:16:24","guid":{"rendered":"https:\/\/mmseta.pl\/?p=1080"},"modified":"2023-12-27T14:17:16","modified_gmt":"2023-12-27T13:17:16","slug":"wiejska-sielanka-ewelina-i-tomek-z-dziecmi","status":"publish","type":"post","link":"https:\/\/mmseta.pl\/index.php\/2023\/12\/27\/wiejska-sielanka-ewelina-i-tomek-z-dziecmi\/","title":{"rendered":"Wiejska sielanka &#8211; Ewelina i Tomek z dzie\u0107mi"},"content":{"rendered":"<div class=\"wp-block-image\">\n<figure class=\"aligncenter size-full is-resized\"><img loading=\"lazy\" decoding=\"async\" width=\"1024\" height=\"681\" src=\"https:\/\/mmseta.pl\/wp-content\/uploads\/2023\/05\/MMSeta_session-28.jpg\" alt=\"zdj\u0119cie sesja foto mmseta mmseta_photo Mniszek sesja rodzinna sesja dzieci\u0119ca sesja letnia sesja na wsi wie\u015b\" class=\"wp-image-989\" style=\"width:840px;height:auto\" srcset=\"https:\/\/mmseta.pl\/wp-content\/uploads\/2023\/05\/MMSeta_session-28.jpg 1024w, https:\/\/mmseta.pl\/wp-content\/uploads\/2023\/05\/MMSeta_session-28-300x200.jpg 300w, https:\/\/mmseta.pl\/wp-content\/uploads\/2023\/05\/MMSeta_session-28-768x511.jpg 768w\" sizes=\"(max-width: 1024px) 100vw, 1024px\" \/><\/figure><\/div>\n\n\n<p><\/p>\n\n\n<div class=\"wp-block-image\">\n<figure class=\"aligncenter size-full is-resized\"><img loading=\"lazy\" decoding=\"async\" width=\"1024\" height=\"681\" src=\"https:\/\/mmseta.pl\/wp-content\/uploads\/2023\/05\/MMSeta_session-30.jpg\" alt=\"zdj\u0119cie sesja foto mmseta mmseta_photo Mniszek sesja rodzinna sesja dzieci\u0119ca sesja letnia sesja na wsi wie\u015b\" class=\"wp-image-991\" style=\"width:840px\" srcset=\"https:\/\/mmseta.pl\/wp-content\/uploads\/2023\/05\/MMSeta_session-30.jpg 1024w, https:\/\/mmseta.pl\/wp-content\/uploads\/2023\/05\/MMSeta_session-30-300x200.jpg 300w, https:\/\/mmseta.pl\/wp-content\/uploads\/2023\/05\/MMSeta_session-30-768x511.jpg 768w\" sizes=\"(max-width: 1024px) 100vw, 1024px\" \/><\/figure><\/div>\n\n\n<p><\/p>\n\n\n<div class=\"wp-block-image\">\n<figure class=\"aligncenter size-full is-resized\"><img loading=\"lazy\" decoding=\"async\" width=\"1024\" height=\"681\" src=\"https:\/\/mmseta.pl\/wp-content\/uploads\/2023\/05\/MMSeta_session-29.jpg\" alt=\"zdj\u0119cie sesja foto mmseta mmseta_photo Mniszek sesja rodzinna sesja dzieci\u0119ca sesja letnia sesja na wsi wie\u015b\" class=\"wp-image-990\" style=\"width:840px\" srcset=\"https:\/\/mmseta.pl\/wp-content\/uploads\/2023\/05\/MMSeta_session-29.jpg 1024w, https:\/\/mmseta.pl\/wp-content\/uploads\/2023\/05\/MMSeta_session-29-300x200.jpg 300w, https:\/\/mmseta.pl\/wp-content\/uploads\/2023\/05\/MMSeta_session-29-768x511.jpg 768w\" sizes=\"(max-width: 1024px) 100vw, 1024px\" \/><\/figure><\/div>","protected":false},"excerpt":{"rendered":"","protected":false},"author":1,"featured_media":990,"comment_status":"open","ping_status":"open","sticky":false,"template":"","format":"standard","meta":{"footnotes":""},"categories":[49],"tags":[76,77,73,72,50,79,78],"class_list":["post-1080","post","type-post","status-publish","format-standard","has-post-thumbnail","hentry","category-sesje-rodzinne","tag-fotograf-warszawa","tag-fotograf-zabki","tag-rodzina","tag-rodzinne","tag-sesja-rodzinna","tag-sielanka","tag-wies"],"_links":{"self":[{"href":"https:\/\/mmseta.pl\/index.php\/wp-json\/wp\/v2\/posts\/1080"}],"collection":[{"href":"https:\/\/mmseta.pl\/index.php\/wp-json\/wp\/v2\/posts"}],"about":[{"href":"https:\/\/mmseta.pl\/index.php\/wp-json\/wp\/v2\/types\/post"}],"author":[{"embeddable":true,"href":"https:\/\/mmseta.pl\/index.php\/wp-json\/wp\/v2\/users\/1"}],"replies":[{"embeddable":true,"href":"https:\/\/mmseta.pl\/index.php\/wp-json\/wp\/v2\/comments?post=1080"}],"version-history":[{"count":2,"href":"https:\/\/mmseta.pl\/index.php\/wp-json\/wp\/v2\/posts\/1080\/revisions"}],"predecessor-version":[{"id":1082,"href":"https:\/\/mmseta.pl\/index.php\/wp-json\/wp\/v2\/posts\/1080\/revisions\/1082"}],"wp:featuredmedia":[{"embeddable":true,"href":"https:\/\/mmseta.pl\/index.php\/wp-json\/wp\/v2\/media\/990"}],"wp:attachment":[{"href":"https:\/\/mmseta.pl\/index.php\/wp-json\/wp\/v2\/media?parent=1080"}],"wp:term":[{"taxonomy":"category","embeddable":true,"href":"https:\/\/mmseta.pl\/index.php\/wp-json\/wp\/v2\/categories?post=1080"},{"taxonomy":"post_tag","embeddable":true,"href":"https:\/\/mmseta.pl\/index.php\/wp-json\/wp\/v2\/tags?post=1080"}],"curies":[{"name":"wp","href":"https:\/\/api.w.org\/{rel}","templated":true}]}}